{"id":2020,"date":"2021-09-30T09:00:08","date_gmt":"2021-09-30T08:00:08","guid":{"rendered":"https:\/\/www.yogayogi.hu\/hu\/?p=2020"},"modified":"2021-09-29T11:03:09","modified_gmt":"2021-09-29T10:03:09","slug":"heti-programajanlo","status":"publish","type":"post","link":"https:\/\/www.yogayogi.hu\/hu\/heti-programajanlo\/","title":{"rendered":"Heti programaj\u00e1nl\u00f3 (szeptember 30-okt\u00f3ber 6.)"},"content":{"rendered":"<p>A c\u00e9lunk, hogy a heti programaj\u00e1nl\u00f3 seg\u00edts\u00e9g\u00e9vel mindenki megtal\u00e1lja a sz\u00e1m\u00e1ra ide\u00e1lis elfoglalts\u00e1got. S\u0151t! A legjobb, ha szinte minden napra tal\u00e1lsz legal\u00e1bb egy olyan esem\u00e9nyt, ami miatt alig v\u00e1rod a reggeleket. Ez most, hogy a nappalok r\u00f6videbbek \u00e9s sz\u00fcrk\u00e9bbek, a leveg\u0151 cs\u00edp\u0151sebb, a naps\u00fct\u00e9shez pedig csak n\u00e9ha van szerencs\u00e9nk, fontosabb, mint az \u00e9v t\u00f6bbi szak\u00e1ban. \u00dagyhogy itt az id\u0151, vesd bele magad a programokba!<\/p>\n<h2>Heti programaj\u00e1nl\u00f3 (szeptember 30-okt\u00f3ber 6.)<\/h2>\n<h2>szeptember 30. (cs\u00fct\u00f6rt\u00f6k) Kismama j\u00f3ga Birthlight m\u00f3dszerrel<\/h2>\n<p>Azok, akik nem v\u00e1rand\u00f3sak, most ugorjanak a k\u00f6vetkez\u0151 programra, akik viszont \u00e9pp gyermeket v\u00e1rnak, mindenk\u00e9ppen fontolj\u00e1k meg ezt a programot. A 14. h\u00e9tt\u0151l szem\u00e9lyesen vagy online l\u00e1togathat\u00f3 \u00f3ra a gyeng\u00e9d sz\u00fclet\u00e9s m\u00f3dszeren alapul. C\u00e9lja, hogy fitten tartsa a testet, hogy r\u00e1hangoljon a gyermek\u00e1ld\u00e1sra, hogy harm\u00f3ni\u00e1t alak\u00edtson ki a benned n\u00f6vekv\u0151 magzattal. Seg\u00edt megbirk\u00f3zni a testi-lelki v\u00e1ltoz\u00e1sokkal \u00e9s felk\u00e9sz\u00edt a sz\u00fcl\u00e9sre a hatha j\u00f3g\u00e1b\u00f3l vett \u00e1szan\u00e1kkal.<br \/>\nD\u00e1tum: 2021. 09. 30.<br \/>\nId\u0151: 08.30-10.00<br \/>\nHelysz\u00edn: Milana J\u00f3gast\u00fadi\u00f3<br \/>\n<a href=\"https:\/\/www.facebook.com\/events\/364482941690127\/?acontext=%7B%22event_action_history%22%3A%5b%7B%22mechanism%22%3A%22search_results%22%2C%22surface%22%3A%22bookmark%22%7D%5d%2C%22ref_notif_type%22%3Anull%7D\">Az esem\u00e9ny linkje<\/a><\/p>\n<h2>okt\u00f3ber 1. (p\u00e9ntek) Veg\u00e1n sajt k\u00f3stol\u00f3 \u00e9s k\u00e9sz\u00edt\u0151 &#8211; workshop<\/h2>\n<p>A t\u00f6k\u00e9letes p\u00e9nteki program: veg\u00e1n sajtk\u00e9sz\u00edt\u00e9s egy finom bor mell\u00e9! Ha te is azok k\u00f6z\u00e9 tartozol, akik egy tudatos, <a href=\"https:\/\/www.yogayogi.hu\/hu\/foodie-yogi\/vegan-etkezes-nyaron\/\" target=\"_blank\" rel=\"noopener\" data-schema-attribute=\"\">veg\u00e1n \u00e9letm\u00f3dot<\/a> k\u00f6vetnek, akkor ez a workshop szinte k\u00f6telez\u0151. Term\u00e9szetesen a boltban is meg tudod v\u00e1s\u00e1rolni a k\u00f6les-, kesudi\u00f3, vagy \u00e9ppen cukkinisajtokat, de nem jobb, ha saj\u00e1tot k\u00e9sz\u00edtesz? Ebben egyet\u00e9rt\u00fcnk!<br \/>\nD\u00e1tum: 2021. 10. 01.<br \/>\nId\u0151: 17.00-<br \/>\nHelysz\u00edn: Biatorb\u00e1gy<br \/>\nR\u00e9szv\u00e9teli d\u00edj: 9900 ft<br \/>\n<a href=\"https:\/\/www.facebook.com\/events\/536956350897238\/?acontext=%7B%22event_action_history%22%3A%5b%7B%22mechanism%22%3A%22search_results%22%2C%22surface%22%3A%22bookmark%22%7D%5d%2C%22ref_notif_type%22%3Anull%7D\">Az esem\u00e9ny linkje<\/a><\/p>\n<h2>okt\u00f3ber 2. (szombat) Gy\u00f3gy\u00edt\u00f3 f\u00e1k &#8211; tematikus szakvezet\u00e9s a F\u00fcv\u00e9szkertben<\/h2>\n<p>Ha j\u00e1rt\u00e1l m\u00e1r valaha a F\u00fcv\u00e9szkertben, akkor tudhatod, hogy mennyire var\u00e1zslatos hely. K\u00e9pzeld el, hogy most r\u00e1ad\u00e1sul m\u00e9g k\u00fcl\u00f6nlegesebb l\u00e1tv\u00e1nyt ny\u00fajtanak az \u0151szi d\u00edszbe \u00f6lt\u00f6z\u00f6tt n\u00f6v\u00e9nyek. De nemcsak a l\u00e1tv\u00e1ny miatt \u00e9rdemes ell\u00e1togatni, hanem az\u00e9rt is, hogy megismerhesd a k\u00fcl\u00f6nb\u00f6z\u0151 gy\u00f3gy\u00edt\u00f3 f\u00e1kat \u00e9s egyedi tulajdons\u00e1gaikat egy botanikus seg\u00edts\u00e9g\u00e9vel. Ismerd meg \u0151ket, \u00e9s alkalmazd egy tudatos \u00e9letm\u00f3d r\u00e9szek\u00e9nt!<br \/>\nD\u00e1tum: 2021. 10. 02.<br \/>\nId\u0151: 11.00-<br \/>\nHelysz\u00edn: F\u00fcv\u00e9szkert<br \/>\nR\u00e9szv\u00e9teli d\u00edj: 3900 ft<br \/>\n<a href=\"https:\/\/www.facebook.com\/events\/1194646861036059\/?acontext=%7B%22event_action_history%22%3A%5b%7B%22mechanism%22%3A%22search_results%22%2C%22surface%22%3A%22bookmark%22%7D%5d%2C%22ref_notif_type%22%3Anull%7D\">Az esem\u00e9ny linkje<\/a><\/p>\n<h2>okt\u00f3ber 2-3. (szombat-vas\u00e1rnap) J\u00f3ga- \u00e9s gy\u00f3gy\u00edt\u00f3 nap Gaurang\u00e1val<\/h2>\n<p>Sz\u00e1nj egy teljes napot a j\u00f3g\u00e1ra \u00e9s a gy\u00f3gyul\u00e1sra! Ebben nem m\u00e1s lesz a seg\u00edts\u00e9gedre, mint Gauranga Das, aki jelenleg Budapesten tan\u00edt \u00e9s kezel. Az eg\u00e9sznapos program sor\u00e1n lesz detox-j\u00f3ga gyakorl\u00e1s, transzl\u00e9gz\u00e9s zen\u00e9re, gy\u00f3gy\u00edt\u00f3- \u00e9s energiagyakorlatok is. Hidd el, meg\u00e9rdemled, hogy egy teljes napon \u00e1t csak magadra figyelj!<br \/>\nD\u00e1tum: 2021. 10. 2-3.<br \/>\nHelysz\u00edn: Tardona patak v\u00f6lgye j\u00f3gak\u00f6r<br \/>\nR\u00e9szv\u00e9teli d\u00edj: 12000 ft<br \/>\n<a href=\"https:\/\/www.facebook.com\/events\/1450585181979899\/?acontext=%7B%22event_action_history%22%3A%5b%7B%22mechanism%22%3A%22search_results%22%2C%22surface%22%3A%22bookmark%22%7D%5d%2C%22ref_notif_type%22%3Anull%7D\">Az esem\u00e9ny linkje<\/a><\/p>\n<h2>okt\u00f3ber 3. (vas\u00e1rnap) J\u00f3ga az em\u00e9szt\u00e9s\u00e9rt<\/h2>\n<p>Ha ezt a cikket olvasod, akkor val\u00f3sz\u00edn\u0171leg tiszt\u00e1ban vagy azzal, hogy milyen j\u00f3t\u00e9kony hat\u00e1sai vannak a rendszeres j\u00f3g\u00e1z\u00e1snak. Ez a mozg\u00e1sforma ugyanis szinte mindenre hat\u00e1ssal van, \u00edgy az em\u00e9szt\u00e9sre is. De ezen az esem\u00e9nyen nemcsak azt tudhatod meg, hogy egyes \u00e1szan\u00e1knak milyen hat\u00e1sa van erre a rendszerre, hanem sz\u00f3 lesz a j\u00f3gikus t\u00e1pl\u00e1lkoz\u00e1sr\u00f3l, technik\u00e1kr\u00f3l, filoz\u00f3fi\u00e1r\u00f3l \u00e9s energetik\u00e1r\u00f3l is. Az eg\u00e9szet egy j\u00f3ga-flow \u00f3ra koron\u00e1zza majd meg.<br \/>\nD\u00e1tum: 2021. 10. 03.<br \/>\nId\u0151: 10.00-<br \/>\nHelysz\u00edn: AUM J\u00f3gak\u00f6zpontok<br \/>\nR\u00e9szv\u00e9teli d\u00edj: 5990 ft<br \/>\n<a href=\"https:\/\/www.facebook.com\/events\/412289736984674\/?acontext=%7B%22event_action_history%22%3A%5b%7B%22mechanism%22%3A%22search_results%22%2C%22surface%22%3A%22bookmark%22%7D%5d%2C%22ref_notif_type%22%3Anull%7D\">Az esem\u00e9ny linkje<\/a><\/p>\n<h2>okt\u00f3ber 6. (szerda) R\u00e9v\u00fcl\u0151 hangszertart\u00e1s<\/h2>\n<p>A tudatos \u00e9letm\u00f3d szerves r\u00e9sze a medit\u00e1ci\u00f3, amelynek egy igen k\u00fcl\u00f6nleges m\u00f3dja az, ha hangszertart\u00e1ssal k\u00f6tik egybe a gyakorlatot. A hangf\u00fcrd\u0151 sor\u00e1n a jelenl\u00e9v\u0151k k\u00e9nyelmes relax\u00e1lt \u00e1llapotban fekszenek, mik\u00f6zben intuit\u00edv hangszerek sz\u00f3lalnak meg. Hallhatunk gongot, s\u00e1m\u00e1ndobot, hangt\u00e1lakat, furuly\u00e1t&#8230; hagyd, hogy feloldj\u00e1k a benned rejl\u0151 fesz\u00fclts\u00e9get!<br \/>\nD\u00e1tum: 2021. 10. 06.<br \/>\nId\u0151: 18.00-19.30<br \/>\nHelysz\u00edn: Etele \u2013 l\u00e9lek k\u00eds\u00e9r\u0151<br \/>\n<a href=\"https:\/\/www.facebook.com\/events\/537360260957306\/?acontext=%7B%22event_action_history%22%3A%5b%7B%22mechanism%22%3A%22search_results%22%2C%22surface%22%3A%22bookmark%22%7D%5d%2C%22ref_notif_type%22%3Anull%7D\">Az esem\u00e9ny linkje<\/a><\/p>\n","protected":false},"excerpt":{"rendered":"<p>A heti programaj\u00e1nl\u00f3, most is, mint mindig, egy sor sz\u00ednes, izgalmas \u00e9s egyedi programmal k\u00e9sz\u00fclt. Ezek garant\u00e1ltan feldobj\u00e1k majd okt\u00f3ber els\u0151 het\u00e9t, \u00e9s kimozd\u00edtanak a lak\u00e1sb\u00f3l m\u00e9g most is, hogy az id\u0151 egy kicsit hidegebbre fordult.<\/p>\n","protected":false},"author":11,"featured_media":2493,"comment_status":"open","ping_status":"open","sticky":false,"template":"","format":"standard","meta":{"footnotes":""},"categories":[634],"tags":[626,287,577],"class_list":["post-2020","post","type-post","status-publish","format-standard","has-post-thumbnail","hentry","category-esemenyek","tag-heti-programajanlo","tag-joga","tag-vegan","odd"],"yoast_head":"<!-- This site is optimized with the Yoast SEO plugin v26.2 - https:\/\/yoast.com\/wordpress\/plugins\/seo\/ -->\n<title>Heti programaj\u00e1nl\u00f3 (szeptember 30-okt\u00f3ber 6.) &#8212; YogaYogi Magyarorsz\u00e1g<\/title>\n<meta name=\"robots\" content=\"index, follow, max-snippet:-1, max-image-preview:large, max-video-preview:-1\" \/>\n<link rel=\"canonical\" href=\"https:\/\/www.yogayogi.hu\/hu\/heti-programajanlo\/\" \/>\n<meta property=\"og:locale\" content=\"hu_HU\" \/>\n<meta property=\"og:type\" content=\"article\" \/>\n<meta property=\"og:title\" content=\"Heti programaj\u00e1nl\u00f3 (szeptember 30-okt\u00f3ber 6.) &#8212; YogaYogi Magyarorsz\u00e1g\" \/>\n<meta property=\"og:description\" content=\"A heti programaj\u00e1nl\u00f3, most is, mint mindig, egy sor sz\u00ednes, izgalmas \u00e9s egyedi programmal k\u00e9sz\u00fclt. Ezek garant\u00e1ltan feldobj\u00e1k majd okt\u00f3ber els\u0151 het\u00e9t, \u00e9s kimozd\u00edtanak a lak\u00e1sb\u00f3l m\u00e9g most is, hogy az id\u0151 egy kicsit hidegebbre fordult.\" \/>\n<meta property=\"og:url\" content=\"https:\/\/www.yogayogi.hu\/hu\/heti-programajanlo\/\" \/>\n<meta property=\"og:site_name\" content=\"YogaYogi Magyarorsz\u00e1g\" \/>\n<meta property=\"article:published_time\" content=\"2021-09-30T08:00:08+00:00\" \/>\n<meta property=\"og:image\" content=\"https:\/\/www.yogayogi.hu\/hu\/wp-content\/uploads\/2021\/09\/heti-programajanlo-4.jpg\" \/>\n<meta name=\"author\" content=\"anna\" \/>\n<meta name=\"twitter:card\" content=\"summary_large_image\" \/>\n<meta name=\"twitter:label1\" content=\"Szerz\u0151:\" \/>\n\t<meta name=\"twitter:data1\" content=\"anna\" \/>\n\t<meta name=\"twitter:label2\" content=\"Becs\u00fclt olvas\u00e1si id\u0151\" \/>\n\t<meta name=\"twitter:data2\" content=\"4 perc\" \/>\n<script type=\"application\/ld+json\" class=\"yoast-schema-graph\">{\"@context\":\"https:\/\/schema.org\",\"@graph\":[{\"@type\":\"WebPage\",\"@id\":\"https:\/\/www.yogayogi.hu\/hu\/heti-programajanlo\/\",\"url\":\"https:\/\/www.yogayogi.hu\/hu\/heti-programajanlo\/\",\"name\":\"Heti programaj\u00e1nl\u00f3 (szeptember 30-okt\u00f3ber 6.) &#8212; YogaYogi Magyarorsz\u00e1g\",\"isPartOf\":{\"@id\":\"https:\/\/www.yogayogi.hu\/hu\/#website\"},\"primaryImageOfPage\":{\"@id\":\"https:\/\/www.yogayogi.hu\/hu\/heti-programajanlo\/#primaryimage\"},\"image\":{\"@id\":\"https:\/\/www.yogayogi.hu\/hu\/heti-programajanlo\/#primaryimage\"},\"thumbnailUrl\":\"https:\/\/www.yogayogi.hu\/hu\/wp-content\/uploads\/2021\/09\/heti-programajanlo-4.jpg\",\"datePublished\":\"2021-09-30T08:00:08+00:00\",\"author\":{\"@id\":\"https:\/\/www.yogayogi.hu\/hu\/#\/schema\/person\/e888319417f61a68d0e97e6fb3211d4a\"},\"breadcrumb\":{\"@id\":\"https:\/\/www.yogayogi.hu\/hu\/heti-programajanlo\/#breadcrumb\"},\"inLanguage\":\"hu\",\"potentialAction\":[{\"@type\":\"ReadAction\",\"target\":[\"https:\/\/www.yogayogi.hu\/hu\/heti-programajanlo\/\"]}]},{\"@type\":\"ImageObject\",\"inLanguage\":\"hu\",\"@id\":\"https:\/\/www.yogayogi.hu\/hu\/heti-programajanlo\/#primaryimage\",\"url\":\"https:\/\/www.yogayogi.hu\/hu\/wp-content\/uploads\/2021\/09\/heti-programajanlo-4.jpg\",\"contentUrl\":\"https:\/\/www.yogayogi.hu\/hu\/wp-content\/uploads\/2021\/09\/heti-programajanlo-4.jpg\"},{\"@type\":\"BreadcrumbList\",\"@id\":\"https:\/\/www.yogayogi.hu\/hu\/heti-programajanlo\/#breadcrumb\",\"itemListElement\":[{\"@type\":\"ListItem\",\"position\":1,\"name\":\"Home\",\"item\":\"https:\/\/www.yogayogi.hu\/hu\/\"},{\"@type\":\"ListItem\",\"position\":2,\"name\":\"Heti programaj\u00e1nl\u00f3 (szeptember 30-okt\u00f3ber 6.)\"}]},{\"@type\":\"WebSite\",\"@id\":\"https:\/\/www.yogayogi.hu\/hu\/#website\",\"url\":\"https:\/\/www.yogayogi.hu\/hu\/\",\"name\":\"YogaYogi Magyarorsz\u00e1g\",\"description\":\"Az \u00fatmutat\u00f3d a j\u00f3g\u00e1hoz Magyarorsz\u00e1gon\",\"potentialAction\":[{\"@type\":\"SearchAction\",\"target\":{\"@type\":\"EntryPoint\",\"urlTemplate\":\"https:\/\/www.yogayogi.hu\/hu\/?s={search_term_string}\"},\"query-input\":{\"@type\":\"PropertyValueSpecification\",\"valueRequired\":true,\"valueName\":\"search_term_string\"}}],\"inLanguage\":\"hu\"},{\"@type\":\"Person\",\"@id\":\"https:\/\/www.yogayogi.hu\/hu\/#\/schema\/person\/e888319417f61a68d0e97e6fb3211d4a\",\"name\":\"anna\",\"image\":{\"@type\":\"ImageObject\",\"inLanguage\":\"hu\",\"@id\":\"https:\/\/www.yogayogi.hu\/hu\/#\/schema\/person\/image\/\",\"url\":\"https:\/\/secure.gravatar.com\/avatar\/3754a04a070c1bbb152e215a91864ada2638bded7e79e64889723c66a06a9825?s=96&d=mm&r=g\",\"contentUrl\":\"https:\/\/secure.gravatar.com\/avatar\/3754a04a070c1bbb152e215a91864ada2638bded7e79e64889723c66a06a9825?s=96&d=mm&r=g\",\"caption\":\"anna\"},\"url\":\"https:\/\/www.yogayogi.hu\/hu\/author\/anna\/\"}]}<\/script>\n<!-- \/ Yoast SEO plugin. -->","yoast_head_json":{"title":"Heti programaj\u00e1nl\u00f3 (szeptember 30-okt\u00f3ber 6.) &#8212; YogaYogi Magyarorsz\u00e1g","robots":{"index":"index","follow":"follow","max-snippet":"max-snippet:-1","max-image-preview":"max-image-preview:large","max-video-preview":"max-video-preview:-1"},"canonical":"https:\/\/www.yogayogi.hu\/hu\/heti-programajanlo\/","og_locale":"hu_HU","og_type":"article","og_title":"Heti programaj\u00e1nl\u00f3 (szeptember 30-okt\u00f3ber 6.) &#8212; YogaYogi Magyarorsz\u00e1g","og_description":"A heti programaj\u00e1nl\u00f3, most is, mint mindig, egy sor sz\u00ednes, izgalmas \u00e9s egyedi programmal k\u00e9sz\u00fclt. Ezek garant\u00e1ltan feldobj\u00e1k majd okt\u00f3ber els\u0151 het\u00e9t, \u00e9s kimozd\u00edtanak a lak\u00e1sb\u00f3l m\u00e9g most is, hogy az id\u0151 egy kicsit hidegebbre fordult.","og_url":"https:\/\/www.yogayogi.hu\/hu\/heti-programajanlo\/","og_site_name":"YogaYogi Magyarorsz\u00e1g","article_published_time":"2021-09-30T08:00:08+00:00","og_image":[{"url":"https:\/\/www.yogayogi.hu\/hu\/wp-content\/uploads\/2021\/09\/heti-programajanlo-4.jpg","type":"","width":"","height":""}],"author":"anna","twitter_card":"summary_large_image","twitter_misc":{"Szerz\u0151:":"anna","Becs\u00fclt olvas\u00e1si id\u0151":"4 perc"},"schema":{"@context":"https:\/\/schema.org","@graph":[{"@type":"WebPage","@id":"https:\/\/www.yogayogi.hu\/hu\/heti-programajanlo\/","url":"https:\/\/www.yogayogi.hu\/hu\/heti-programajanlo\/","name":"Heti programaj\u00e1nl\u00f3 (szeptember 30-okt\u00f3ber 6.) &#8212; YogaYogi Magyarorsz\u00e1g","isPartOf":{"@id":"https:\/\/www.yogayogi.hu\/hu\/#website"},"primaryImageOfPage":{"@id":"https:\/\/www.yogayogi.hu\/hu\/heti-programajanlo\/#primaryimage"},"image":{"@id":"https:\/\/www.yogayogi.hu\/hu\/heti-programajanlo\/#primaryimage"},"thumbnailUrl":"https:\/\/www.yogayogi.hu\/hu\/wp-content\/uploads\/2021\/09\/heti-programajanlo-4.jpg","datePublished":"2021-09-30T08:00:08+00:00","author":{"@id":"https:\/\/www.yogayogi.hu\/hu\/#\/schema\/person\/e888319417f61a68d0e97e6fb3211d4a"},"breadcrumb":{"@id":"https:\/\/www.yogayogi.hu\/hu\/heti-programajanlo\/#breadcrumb"},"inLanguage":"hu","potentialAction":[{"@type":"ReadAction","target":["https:\/\/www.yogayogi.hu\/hu\/heti-programajanlo\/"]}]},{"@type":"ImageObject","inLanguage":"hu","@id":"https:\/\/www.yogayogi.hu\/hu\/heti-programajanlo\/#primaryimage","url":"https:\/\/www.yogayogi.hu\/hu\/wp-content\/uploads\/2021\/09\/heti-programajanlo-4.jpg","contentUrl":"https:\/\/www.yogayogi.hu\/hu\/wp-content\/uploads\/2021\/09\/heti-programajanlo-4.jpg"},{"@type":"BreadcrumbList","@id":"https:\/\/www.yogayogi.hu\/hu\/heti-programajanlo\/#breadcrumb","itemListElement":[{"@type":"ListItem","position":1,"name":"Home","item":"https:\/\/www.yogayogi.hu\/hu\/"},{"@type":"ListItem","position":2,"name":"Heti programaj\u00e1nl\u00f3 (szeptember 30-okt\u00f3ber 6.)"}]},{"@type":"WebSite","@id":"https:\/\/www.yogayogi.hu\/hu\/#website","url":"https:\/\/www.yogayogi.hu\/hu\/","name":"YogaYogi Magyarorsz\u00e1g","description":"Az \u00fatmutat\u00f3d a j\u00f3g\u00e1hoz Magyarorsz\u00e1gon","potentialAction":[{"@type":"SearchAction","target":{"@type":"EntryPoint","urlTemplate":"https:\/\/www.yogayogi.hu\/hu\/?s={search_term_string}"},"query-input":{"@type":"PropertyValueSpecification","valueRequired":true,"valueName":"search_term_string"}}],"inLanguage":"hu"},{"@type":"Person","@id":"https:\/\/www.yogayogi.hu\/hu\/#\/schema\/person\/e888319417f61a68d0e97e6fb3211d4a","name":"anna","image":{"@type":"ImageObject","inLanguage":"hu","@id":"https:\/\/www.yogayogi.hu\/hu\/#\/schema\/person\/image\/","url":"https:\/\/secure.gravatar.com\/avatar\/3754a04a070c1bbb152e215a91864ada2638bded7e79e64889723c66a06a9825?s=96&d=mm&r=g","contentUrl":"https:\/\/secure.gravatar.com\/avatar\/3754a04a070c1bbb152e215a91864ada2638bded7e79e64889723c66a06a9825?s=96&d=mm&r=g","caption":"anna"},"url":"https:\/\/www.yogayogi.hu\/hu\/author\/anna\/"}]}},"_links":{"self":[{"href":"https:\/\/www.yogayogi.hu\/hu\/wp-json\/wp\/v2\/posts\/2020","targetHints":{"allow":["GET"]}}],"collection":[{"href":"https:\/\/www.yogayogi.hu\/hu\/wp-json\/wp\/v2\/posts"}],"about":[{"href":"https:\/\/www.yogayogi.hu\/hu\/wp-json\/wp\/v2\/types\/post"}],"author":[{"embeddable":true,"href":"https:\/\/www.yogayogi.hu\/hu\/wp-json\/wp\/v2\/users\/11"}],"replies":[{"embeddable":true,"href":"https:\/\/www.yogayogi.hu\/hu\/wp-json\/wp\/v2\/comments?post=2020"}],"version-history":[{"count":1,"href":"https:\/\/www.yogayogi.hu\/hu\/wp-json\/wp\/v2\/posts\/2020\/revisions"}],"predecessor-version":[{"id":2021,"href":"https:\/\/www.yogayogi.hu\/hu\/wp-json\/wp\/v2\/posts\/2020\/revisions\/2021"}],"wp:featuredmedia":[{"embeddable":true,"href":"https:\/\/www.yogayogi.hu\/hu\/wp-json\/"}],"wp:attachment":[{"href":"https:\/\/www.yogayogi.hu\/hu\/wp-json\/wp\/v2\/media?parent=2020"}],"wp:term":[{"taxonomy":"category","embeddable":true,"href":"https:\/\/www.yogayogi.hu\/hu\/wp-json\/wp\/v2\/categories?post=2020"},{"taxonomy":"post_tag","embeddable":true,"href":"https:\/\/www.yogayogi.hu\/hu\/wp-json\/wp\/v2\/tags?post=2020"}],"curies":[{"name":"wp","href":"https:\/\/api.w.org\/{rel}","templated":true}]}}