{"id":2289,"date":"2022-01-13T09:00:55","date_gmt":"2022-01-13T08:00:55","guid":{"rendered":"https:\/\/www.yogayogi.hu\/hu\/?p=2289"},"modified":"2022-01-12T12:56:10","modified_gmt":"2022-01-12T11:56:10","slug":"heti-programajanlo-januar-13-19","status":"publish","type":"post","link":"https:\/\/www.yogayogi.hu\/hu\/heti-programajanlo-januar-13-19\/","title":{"rendered":"Heti programaj\u00e1nl\u00f3 (janu\u00e1r 13-19.)"},"content":{"rendered":"<div><\/div>\n<div>\n<p>Mostanra biztosan te is kipihented a tavalyi \u00e9v \u2013 \u00e9s az \u00fcnnepek \u2013 f\u00e1radalmait, \u00edgy a heti programaj\u00e1nl\u00f3 most olyan lehet\u0151s\u00e9geket hozott, amelyeken garant\u00e1ltan levezetheted az energi\u00e1idat! Ha viszont m\u00e9g mindig egy kicsit k\u00f3m\u00e1s vagy az \u00fcnnepi vacsor\u00e1kt\u00f3l \u00e9s a bent t\u00f6lt\u00f6tt hossz\u00fa napokt\u00f3l, akkor is tal\u00e1lsz al\u00e1bb olyan programokat, amelyeket \u00e9lvezni fogsz.<\/p>\n<\/div>\n<div>\n<h2>Heti programaj\u00e1nl\u00f3 (janu\u00e1r 13-19.)<\/h2>\n<p><img fetchpriority=\"high\" fetchpriority=\"high\" decoding=\"async\" class=\"alignnone wp-image-3051 size-full\" src=\"https:\/\/yoga.gamblingzion.com\/uploads\/2022\/01\/heti-programajanlo-1.jpg\" alt=\"heti programaj\u00e1nl\u00f3\" width=\"1000\" height=\"500\" srcset=\"https:\/\/www.yogayogi.hu\/hu\/wp-content\/uploads\/2022\/01\/heti-programajanlo-1.jpg 1000w, https:\/\/www.yogayogi.hu\/hu\/wp-content\/uploads\/2022\/01\/heti-programajanlo-1-300x150.jpg 300w, https:\/\/www.yogayogi.hu\/hu\/wp-content\/uploads\/2022\/01\/heti-programajanlo-1-496x248.jpg 496w\" sizes=\"(max-width: 1000px) 100vw, 1000px\" \/><\/p>\n<\/div>\n<div>\n<h2>janu\u00e1r 13. (cs\u00fct\u00f6rt\u00f6k) <a href=\"https:\/\/www.facebook.com\/events\/495552208660808\/?acontext=%7B%22event_action_history%22%3A%5b%7B%22mechanism%22%3A%22search_results%22%2C%22surface%22%3A%22bookmark%22%7D%5d%2C%22ref_notif_type%22%3Anull%7D\">Sz\u00edvnyit\u00f3 j\u00f3ga<\/a><\/h2>\n<\/div>\n<div>\n<p>A S\u00f3ker S\u00f3barlang m\u00e1r \u00f6nmag\u00e1ban is egy csod\u00e1s helysz\u00edn, h\u00e1t ha m\u00e9g egy csapat j\u00f3g\u00e1z\u00f3val t\u00f6ltik meg azt! A Sz\u00edvnyit\u00f3 j\u00f3g\u00e1n felk\u00e9sz\u00edtheted a lelked az \u00e9v \u00e9rz\u00e9seire, meg\u00e9l\u00e9seire \u2013 ezzel pedig \u00f6nmagadhoz kapcsol\u00f3dhatsz, de m\u00e9g az immunrendszeredet is meger\u0151s\u00edtheted. Lassan rezg\u0151 <a href=\"https:\/\/www.yogayogi.hu\/hu\/news\/konnyed-flow-jogaorak-budapesten-az-unnepek-tokeletes-levezetese\/\" target=\"_blank\" rel=\"noopener\">flow-\u00f3r\u00e1ra<\/a> k\u00e9sz\u00fclj!<br \/>\nD\u00e1tum: 2021. 01. 13.<br \/>\nId\u0151: 18.30-20.00<br \/>\nHelysz\u00edn: S\u00d3KER S\u00f3barlang &amp; Relax K\u00f6zpont<br \/>\n<a href=\"https:\/\/www.facebook.com\/events\/495552208660808\/?acontext=%7B%22event_action_history%22%3A%5b%7B%22mechanism%22%3A%22search_results%22%2C%22surface%22%3A%22bookmark%22%7D%5d%2C%22ref_notif_type%22%3Anull%7D\">Az esem\u00e9ny linkje<\/a><\/p>\n<\/div>\n<div>\n<h2>janu\u00e1r 13. (cs\u00fct\u00f6rt\u00f6k) <a href=\"https:\/\/www.facebook.com\/events\/596561911569901\/?acontext=%7B%22event_action_history%22%3A%5b%7B%22mechanism%22%3A%22discovery_top_tab%22%2C%22surface%22%3A%22bookmark%22%7D%5d%2C%22ref_notif_type%22%3Anull%7D\">Szoban\u00f6v\u00e9ny-Survivor<\/a><\/h2>\n<\/div>\n<div>\n<p>Ha te is azok k\u00f6z\u00e9 tartozol, akik im\u00e1dj\u00e1k gy\u00f6ny\u00f6r\u0171 n\u00f6v\u00e9nyekkel z\u00f6ld\u00edteni a lak\u00e1sukat, de t\u00e9len bajban vannak ezek \u00e9letben tart\u00e1s\u00e1val, akkor ezt a workshopot neked tal\u00e1lt\u00e1k ki. A Z\u00f6ld\u00edt\u0151k esem\u00e9ny\u00e9n megtudhatod, hogy hogyan tudod tavaszig nemcsak \u00e9letben, de boldogan is tartani a z\u00f6ld kedvenceidet!<br \/>\nD\u00e1tum: 2021. 01. 13.<br \/>\nId\u0151: 18.00-19.15<br \/>\nHelysz\u00edn: online<br \/>\nR\u00e9szv\u00e9teli d\u00edj: 3000 ft<br \/>\n<a href=\"https:\/\/www.facebook.com\/events\/596561911569901\/?acontext=%7B%22event_action_history%22%3A%5b%7B%22mechanism%22%3A%22discovery_top_tab%22%2C%22surface%22%3A%22bookmark%22%7D%5d%2C%22ref_notif_type%22%3Anull%7D\">Az esem\u00e9ny linkje<\/a><\/p>\n<\/div>\n<div>\n<h2>janu\u00e1r 14. (p\u00e9ntek) <a href=\"https:\/\/www.facebook.com\/events\/205444531788581\/?acontext=%7B%22event_action_history%22%3A%5b%7B%22mechanism%22%3A%22search_results%22%2C%22surface%22%3A%22bookmark%22%7D%5d%2C%22ref_notif_type%22%3Anull%7D\">Budapest Kirtana Jam Mantra-est<\/a><\/h2>\n<\/div>\n<div>\n<p>Zene, t\u00e1rsas\u00e1g, k\u00f6z\u00f6s \u00e9lm\u00e9ny, mantra \u00e9s medit\u00e1ci\u00f3: mindezt egy esem\u00e9nyben tapasztalhatod meg. Ennek sor\u00e1n a k\u00f6z\u00f6sen elt\u00f6lt\u00f6tt id\u0151 alatt te is megtapasztalhatod milyen az, amikor t\u00e9nyleg elmer\u00fclsz az elm\u00e9dben, \u00e9s nem z\u00f6kkentenek ki a gondolatok. Ha ez \u00e1ltal\u00e1ban nem megy, ne agg\u00f3dj! A t\u00f6bbiek seg\u00edtenek majd.<br \/>\nD\u00e1tum: 2021. 01. 14.<br \/>\nId\u0151: 18.00-20.30<br \/>\nHelysz\u00edn: Govinda Veget\u00e1ri\u00e1nus \u00e9s Veg\u00e1n \u00c9tterem<br \/>\nR\u00e9szv\u00e9teli d\u00edj: ingyenes<br \/>\n<a href=\"https:\/\/www.facebook.com\/events\/205444531788581\/?acontext=%7B%22event_action_history%22%3A%5b%7B%22mechanism%22%3A%22search_results%22%2C%22surface%22%3A%22bookmark%22%7D%5d%2C%22ref_notif_type%22%3Anull%7D\">Az esem\u00e9ny linkje<\/a><\/p>\n<\/div>\n<div>\n<h2>janu\u00e1r 15. (szombat) <a href=\"https:\/\/www.facebook.com\/events\/399788258591354\/?acontext=%7B%22event_action_history%22%3A%5b%7B%22mechanism%22%3A%22search_results%22%2C%22surface%22%3A%22bookmark%22%7D%5d%2C%22ref_notif_type%22%3Anull%7D\">Vezetett medit\u00e1ci\u00f3 a hangt\u00e1lak \u00f6lel\u00e9s\u00e9ben<\/a><\/h2>\n<\/div>\n<div>\n<p>Ez a kiss\u00e9 simogat\u00f3, olykor er\u0151sebben meg\u00e9rint\u0151, hangutaz\u00e1ssal egybek\u00f6t\u00f6tt transzformat\u00edv vizualiz\u00e1ci\u00f3s medit\u00e1ci\u00f3 t\u00f6k\u00e9letesen kikapcsol. Emellett r\u00e1ad\u00e1sul megtiszt\u00edtja a gondolataidat, \u00edgy elindulhatsz \u00faj \u00e9ned fel\u00e9 2022-ben!<br \/>\nD\u00e1tum: 2021. 01. 15.<br \/>\nId\u0151: 17.00-18.30<br \/>\nHelysz\u00edn: Enso J\u00f3gast\u00fadi\u00f3<br \/>\nR\u00e9szv\u00e9teli d\u00edj: 4000 ft\/ 6000 ft<br \/>\n<a href=\"https:\/\/www.facebook.com\/events\/399788258591354\/?acontext=%7B%22event_action_history%22%3A%5b%7B%22mechanism%22%3A%22search_results%22%2C%22surface%22%3A%22bookmark%22%7D%5d%2C%22ref_notif_type%22%3Anull%7D\">Az esem\u00e9ny linkje<\/a><\/p>\n<\/div>\n<div>\n<h2>janu\u00e1r 16. (vas\u00e1rnap) <a href=\"https:\/\/www.facebook.com\/events\/614691703153834\/?acontext=%7B%22event_action_history%22%3A%5b%7B%22mechanism%22%3A%22search_results%22%2C%22surface%22%3A%22bookmark%22%7D%5d%2C%22ref_notif_type%22%3Anull%7D\">Veg\u00e1n-s\u00fctikurzus<\/a><\/h2>\n<\/div>\n<div>\n<p>Az \u00fcnnepi id\u0151szak a legt\u00f6bbeknek nem a di\u00e9t\u00e1kr\u00f3l sz\u00f3l \u2013 \u00e9s ez nemcsak a fogy\u00f3k\u00far\u00e1kat jelenti. Ha te is meg-megszegted a <a href=\"https:\/\/www.yogayogi.hu\/hu\/foodie-yogi\/hogyan-legyel-vegan-magyarorszagon\/\" target=\"_blank\" rel=\"noopener\">veg\u00e1n<\/a> szab\u00e1lyokat az \u00e9v v\u00e9g\u00e9n, vagy m\u00e9g csak most t\u00e9rsz r\u00e1 erre az \u00fatra, akkor ez a workshop egy t\u00f6k\u00e9letes kezd\u0151\u00e1llom\u00e1s. Tanuld meg, hogyan k\u00e9sz\u00edthetsz ban\u00e1nos-karamell\u00e1s di\u00f3tort\u00e1t \u00e9s a piszt\u00e1ci\u00e1s m\u00e1lnamousse tort\u00e1t \u2013 mindezt kiz\u00e1r\u00f3lag n\u00f6v\u00e9nyi alapanyagokb\u00f3l!<br \/>\nD\u00e1tum: 2021. 01. 16.<br \/>\nId\u0151: 14.00-16.00<br \/>\nHelysz\u00edn: Cs\u00cdZm\u0171hely<br \/>\nR\u00e9szv\u00e9teli d\u00edj: 25000 ft<br \/>\n<a href=\"https:\/\/www.facebook.com\/events\/614691703153834\/?acontext=%7B%22event_action_history%22%3A%5b%7B%22mechanism%22%3A%22search_results%22%2C%22surface%22%3A%22bookmark%22%7D%5d%2C%22ref_notif_type%22%3Anull%7D\">Az esem\u00e9ny linkje<\/a><\/p>\n<\/div>\n<div>\n<h2>janu\u00e1r 17. (h\u00e9tf\u0151) <a href=\"https:\/\/www.facebook.com\/events\/416806360102948\/?acontext=%7B%22event_action_history%22%3A%5b%7B%22mechanism%22%3A%22search_results%22%2C%22surface%22%3A%22bookmark%22%7D%5d%2C%22ref_notif_type%22%3Anull%7D\">Iyengar j\u00f3ga-ABC<\/a><\/h2>\n<\/div>\n<div>\n<p>Ezt a j\u00f3gat\u00edpust nagyon k\u00fcl\u00f6nb\u00f6z\u0151nek tartj\u00e1k a t\u00f6bbit\u0151l, \u00e9ppen ez\u00e9rt m\u00e9g azoknak is mutathat \u00fajat ez a n\u00e9h\u00e1ny alkalmas k\u00e9pz\u00e9s, akik gyakorlott j\u00f3g\u00e1z\u00f3k. Er\u0151s\u00edtsd meg a tested bels\u0151 tart\u00e1s\u00e1t, integrit\u00e1s\u00e1t iyengar j\u00f3g\u00e1val, \u00e9s l\u00e9gy ellen\u00e1ll\u00f3bb a mindennapokban!D\u00e1tum: 2021. 01. 17-<br \/>\nId\u0151: 19.30-20.30<br \/>\nHelysz\u00edn: Amrita J\u00f3gak\u00f6zpont<br \/>\nR\u00e9szv\u00e9teli d\u00edj: 4 alkalom, 11000 ft<br \/>\n<a href=\"https:\/\/www.facebook.com\/events\/416806360102948\/?acontext=%7B%22event_action_history%22%3A%5b%7B%22mechanism%22%3A%22search_results%22%2C%22surface%22%3A%22bookmark%22%7D%5d%2C%22ref_notif_type%22%3Anull%7D\">Az esem\u00e9ny linkje<\/a><\/p>\n<\/div>\n<div>\n<h2>janu\u00e1r 17. (h\u00e9tf\u0151) <a href=\"https:\/\/www.facebook.com\/events\/4864989746855449\/?acontext=%7B%22event_action_history%22%3A%5b%7B%22mechanism%22%3A%22search_results%22%2C%22surface%22%3A%22bookmark%22%7D%5d%2C%22ref_notif_type%22%3Anull%7D\">Stresszold\u00f3 j\u00f3ga<\/a><\/h2>\n<\/div>\n<div>\n<p>K\u00e9ts\u00e9gtelen, a XXI. sz\u00e1zadban m\u00e1r mindenki stresszel, az \u00e9v eleji elint\u00e9znival\u00f3k pedig csak feler\u0151s\u00edthetik ezt. \u00c9ppen ez\u00e9rt \u00e9rdemes ell\u00e1togatnod erre a j\u00f3ga\u00f3r\u00e1ra, melynek k\u00f6z\u00e9ppontj\u00e1ban a gerinc lesz.<br \/>\nD\u00e1tum: 2021. 01. 17.<br \/>\nId\u0151: 09.00-11.00<br \/>\nHelysz\u00edn: Santosha Seg\u00edt\u0151 T\u00e9r<br \/>\nR\u00e9szv\u00e9teli d\u00edj: 2600 ft<br \/>\n<a href=\"https:\/\/www.facebook.com\/events\/4864989746855449\/?acontext=%7B%22event_action_history%22%3A%5b%7B%22mechanism%22%3A%22search_results%22%2C%22surface%22%3A%22bookmark%22%7D%5d%2C%22ref_notif_type%22%3Anull%7D\">Az esem\u00e9ny linkje<\/a><\/p>\n<\/div>\n<div>\n<h2>janu\u00e1r 19. (szerda) <a href=\"https:\/\/www.facebook.com\/events\/656233878892545\/?acontext=%7B%22event_action_history%22%3A%5b%7B%22mechanism%22%3A%22search_results%22%2C%22surface%22%3A%22bookmark%22%7D%5d%2C%22ref_notif_type%22%3Anull%7D\">Kundalini j\u00f3ga a Kamal\u00e1ban<\/a><\/h2>\n<\/div>\n<div>\n<p>Ezen a k\u00fcl\u00f6nleges \u00f3r\u00e1n arra invit\u00e1lnak, hogy l\u00e9gy tudatos, l\u00e9gy mer\u00e9sz, \u00e9s indulj a f\u00e9lelmetesnek t\u0171n\u0151 fel\u00e9! A j\u00f3g\u00e1z\u00e1s ut\u00e1n k\u00f6nnyedebb \u00e9s magabiztosabb lehet, emellett meger\u0151s\u00f6dhetsz.<br \/>\nD\u00e1tum: 2021. 01. 19.<br \/>\nId\u0151: 09.00-10.30<br \/>\nHelysz\u00edn: Bahuta Karam J\u00f3ga<br \/>\nR\u00e9szv\u00e9teli d\u00edj: 3200 ft<br \/>\n<a href=\"https:\/\/www.facebook.com\/events\/656233878892545\/?acontext=%7B%22event_action_history%22%3A%5b%7B%22mechanism%22%3A%22search_results%22%2C%22surface%22%3A%22bookmark%22%7D%5d%2C%22ref_notif_type%22%3Anull%7D\">Az esem\u00e9ny linkje<\/a><\/p>\n<div>\n<p>Szeretn\u00e9l m\u00e9g t\u00f6bbet megtudni a j\u00f3g\u00e1z\u00e1sr\u00f3l, \u00e9s nem szeretn\u00e9l lemaradni az ehhez kapcsol\u00f3d\u00f3 esem\u00e9nyekr\u0151l sem? K\u00f6vesd a\u00a0<a href=\"https:\/\/www.facebook.com\/yogayogimagyarorszag\" target=\"_blank\" rel=\"noopener\">Facebook-oldalunkat <\/a>m\u00e9g t\u00f6bb inform\u00e1ci\u00f3\u00e9rt!<\/p>\n<p>Fot\u00f3k: Pexels<\/p>\n<\/div>\n<\/div>\n","protected":false},"excerpt":{"rendered":"<p>\u00daj \u00e9v, \u00faj lehet\u0151s\u00e9gek, \u00faj heti programaj\u00e1nl\u00f3! Ez\u00fattal egy sor esem\u00e9nyt v\u00e1logattunk \u00f6ssze nektek, amelyekkel tudatosan, boldogan \u00e9s el\u00e9gedetten ind\u00edthatj\u00e1tok az \u00e9vet \u2013 ezzel megalapozva egy csod\u00e1s 2022-es esztend\u0151t.<\/p>\n","protected":false},"author":11,"featured_media":3050,"comment_status":"open","ping_status":"open","sticky":false,"template":"","format":"standard","meta":{"footnotes":""},"categories":[634],"tags":[374,682,287,318,577],"class_list":["post-2289","post","type-post","status-publish","format-standard","has-post-thumbnail","hentry","category-esemenyek","tag-budapest","tag-esemenyek","tag-joga","tag-meditacio","tag-vegan","odd"],"yoast_head":"<!-- This site is optimized with the Yoast SEO plugin v26.2 - https:\/\/yoast.com\/wordpress\/plugins\/seo\/ -->\n<title>Heti programaj\u00e1nl\u00f3 (janu\u00e1r 13-19.) &#8212; YogaYogi Magyarorsz\u00e1g<\/title>\n<meta name=\"description\" content=\"\u00daj \u00e9v, \u00faj heti programaj\u00e1nl\u00f3! Ez\u00fattal egy sor esem\u00e9nyt v\u00e1logattunk \u00f6ssze nektek, amelyekkel tudatosan \u00e9s el\u00e9gedetten ind\u00edthatj\u00e1tok az \u00e9vet.\" \/>\n<meta name=\"robots\" content=\"index, follow, max-snippet:-1, max-image-preview:large, max-video-preview:-1\" \/>\n<link rel=\"canonical\" href=\"https:\/\/www.yogayogi.hu\/hu\/heti-programajanlo-januar-13-19\/\" \/>\n<meta property=\"og:locale\" content=\"hu_HU\" \/>\n<meta property=\"og:type\" content=\"article\" \/>\n<meta property=\"og:title\" content=\"Heti programaj\u00e1nl\u00f3 (janu\u00e1r 13-19.) &#8212; YogaYogi Magyarorsz\u00e1g\" \/>\n<meta property=\"og:description\" content=\"\u00daj \u00e9v, \u00faj heti programaj\u00e1nl\u00f3! Ez\u00fattal egy sor esem\u00e9nyt v\u00e1logattunk \u00f6ssze nektek, amelyekkel tudatosan \u00e9s el\u00e9gedetten ind\u00edthatj\u00e1tok az \u00e9vet.\" \/>\n<meta property=\"og:url\" content=\"https:\/\/www.yogayogi.hu\/hu\/heti-programajanlo-januar-13-19\/\" \/>\n<meta property=\"og:site_name\" content=\"YogaYogi Magyarorsz\u00e1g\" \/>\n<meta property=\"article:published_time\" content=\"2022-01-13T08:00:55+00:00\" \/>\n<meta property=\"og:image\" content=\"https:\/\/www.yogayogi.hu\/hu\/wp-content\/uploads\/2022\/01\/heti-programajanlo-1-1.jpg\" \/>\n<meta name=\"author\" content=\"anna\" \/>\n<meta name=\"twitter:card\" content=\"summary_large_image\" \/>\n<meta name=\"twitter:label1\" content=\"Szerz\u0151:\" \/>\n\t<meta name=\"twitter:data1\" content=\"anna\" \/>\n\t<meta name=\"twitter:label2\" content=\"Becs\u00fclt olvas\u00e1si id\u0151\" \/>\n\t<meta name=\"twitter:data2\" content=\"4 perc\" \/>\n<script type=\"application\/ld+json\" class=\"yoast-schema-graph\">{\"@context\":\"https:\/\/schema.org\",\"@graph\":[{\"@type\":\"WebPage\",\"@id\":\"https:\/\/www.yogayogi.hu\/hu\/heti-programajanlo-januar-13-19\/\",\"url\":\"https:\/\/www.yogayogi.hu\/hu\/heti-programajanlo-januar-13-19\/\",\"name\":\"Heti programaj\u00e1nl\u00f3 (janu\u00e1r 13-19.) &#8212; YogaYogi Magyarorsz\u00e1g\",\"isPartOf\":{\"@id\":\"https:\/\/www.yogayogi.hu\/hu\/#website\"},\"primaryImageOfPage\":{\"@id\":\"https:\/\/www.yogayogi.hu\/hu\/heti-programajanlo-januar-13-19\/#primaryimage\"},\"image\":{\"@id\":\"https:\/\/www.yogayogi.hu\/hu\/heti-programajanlo-januar-13-19\/#primaryimage\"},\"thumbnailUrl\":\"https:\/\/www.yogayogi.hu\/hu\/wp-content\/uploads\/2022\/01\/heti-programajanlo-1-1.jpg\",\"datePublished\":\"2022-01-13T08:00:55+00:00\",\"author\":{\"@id\":\"https:\/\/www.yogayogi.hu\/hu\/#\/schema\/person\/e888319417f61a68d0e97e6fb3211d4a\"},\"description\":\"\u00daj \u00e9v, \u00faj heti programaj\u00e1nl\u00f3! Ez\u00fattal egy sor esem\u00e9nyt v\u00e1logattunk \u00f6ssze nektek, amelyekkel tudatosan \u00e9s el\u00e9gedetten ind\u00edthatj\u00e1tok az \u00e9vet.\",\"breadcrumb\":{\"@id\":\"https:\/\/www.yogayogi.hu\/hu\/heti-programajanlo-januar-13-19\/#breadcrumb\"},\"inLanguage\":\"hu\",\"potentialAction\":[{\"@type\":\"ReadAction\",\"target\":[\"https:\/\/www.yogayogi.hu\/hu\/heti-programajanlo-januar-13-19\/\"]}]},{\"@type\":\"ImageObject\",\"inLanguage\":\"hu\",\"@id\":\"https:\/\/www.yogayogi.hu\/hu\/heti-programajanlo-januar-13-19\/#primaryimage\",\"url\":\"https:\/\/www.yogayogi.hu\/hu\/wp-content\/uploads\/2022\/01\/heti-programajanlo-1-1.jpg\",\"contentUrl\":\"https:\/\/www.yogayogi.hu\/hu\/wp-content\/uploads\/2022\/01\/heti-programajanlo-1-1.jpg\"},{\"@type\":\"BreadcrumbList\",\"@id\":\"https:\/\/www.yogayogi.hu\/hu\/heti-programajanlo-januar-13-19\/#breadcrumb\",\"itemListElement\":[{\"@type\":\"ListItem\",\"position\":1,\"name\":\"Home\",\"item\":\"https:\/\/www.yogayogi.hu\/hu\/\"},{\"@type\":\"ListItem\",\"position\":2,\"name\":\"Heti programaj\u00e1nl\u00f3 (janu\u00e1r 13-19.)\"}]},{\"@type\":\"WebSite\",\"@id\":\"https:\/\/www.yogayogi.hu\/hu\/#website\",\"url\":\"https:\/\/www.yogayogi.hu\/hu\/\",\"name\":\"YogaYogi Magyarorsz\u00e1g\",\"description\":\"Az \u00fatmutat\u00f3d a j\u00f3g\u00e1hoz Magyarorsz\u00e1gon\",\"potentialAction\":[{\"@type\":\"SearchAction\",\"target\":{\"@type\":\"EntryPoint\",\"urlTemplate\":\"https:\/\/www.yogayogi.hu\/hu\/?s={search_term_string}\"},\"query-input\":{\"@type\":\"PropertyValueSpecification\",\"valueRequired\":true,\"valueName\":\"search_term_string\"}}],\"inLanguage\":\"hu\"},{\"@type\":\"Person\",\"@id\":\"https:\/\/www.yogayogi.hu\/hu\/#\/schema\/person\/e888319417f61a68d0e97e6fb3211d4a\",\"name\":\"anna\",\"image\":{\"@type\":\"ImageObject\",\"inLanguage\":\"hu\",\"@id\":\"https:\/\/www.yogayogi.hu\/hu\/#\/schema\/person\/image\/\",\"url\":\"https:\/\/secure.gravatar.com\/avatar\/3754a04a070c1bbb152e215a91864ada2638bded7e79e64889723c66a06a9825?s=96&d=mm&r=g\",\"contentUrl\":\"https:\/\/secure.gravatar.com\/avatar\/3754a04a070c1bbb152e215a91864ada2638bded7e79e64889723c66a06a9825?s=96&d=mm&r=g\",\"caption\":\"anna\"},\"url\":\"https:\/\/www.yogayogi.hu\/hu\/author\/anna\/\"}]}<\/script>\n<!-- \/ Yoast SEO plugin. -->","yoast_head_json":{"title":"Heti programaj\u00e1nl\u00f3 (janu\u00e1r 13-19.) &#8212; YogaYogi Magyarorsz\u00e1g","description":"\u00daj \u00e9v, \u00faj heti programaj\u00e1nl\u00f3! Ez\u00fattal egy sor esem\u00e9nyt v\u00e1logattunk \u00f6ssze nektek, amelyekkel tudatosan \u00e9s el\u00e9gedetten ind\u00edthatj\u00e1tok az \u00e9vet.","robots":{"index":"index","follow":"follow","max-snippet":"max-snippet:-1","max-image-preview":"max-image-preview:large","max-video-preview":"max-video-preview:-1"},"canonical":"https:\/\/www.yogayogi.hu\/hu\/heti-programajanlo-januar-13-19\/","og_locale":"hu_HU","og_type":"article","og_title":"Heti programaj\u00e1nl\u00f3 (janu\u00e1r 13-19.) &#8212; YogaYogi Magyarorsz\u00e1g","og_description":"\u00daj \u00e9v, \u00faj heti programaj\u00e1nl\u00f3! Ez\u00fattal egy sor esem\u00e9nyt v\u00e1logattunk \u00f6ssze nektek, amelyekkel tudatosan \u00e9s el\u00e9gedetten ind\u00edthatj\u00e1tok az \u00e9vet.","og_url":"https:\/\/www.yogayogi.hu\/hu\/heti-programajanlo-januar-13-19\/","og_site_name":"YogaYogi Magyarorsz\u00e1g","article_published_time":"2022-01-13T08:00:55+00:00","og_image":[{"url":"https:\/\/www.yogayogi.hu\/hu\/wp-content\/uploads\/2022\/01\/heti-programajanlo-1-1.jpg","type":"","width":"","height":""}],"author":"anna","twitter_card":"summary_large_image","twitter_misc":{"Szerz\u0151:":"anna","Becs\u00fclt olvas\u00e1si id\u0151":"4 perc"},"schema":{"@context":"https:\/\/schema.org","@graph":[{"@type":"WebPage","@id":"https:\/\/www.yogayogi.hu\/hu\/heti-programajanlo-januar-13-19\/","url":"https:\/\/www.yogayogi.hu\/hu\/heti-programajanlo-januar-13-19\/","name":"Heti programaj\u00e1nl\u00f3 (janu\u00e1r 13-19.) &#8212; YogaYogi Magyarorsz\u00e1g","isPartOf":{"@id":"https:\/\/www.yogayogi.hu\/hu\/#website"},"primaryImageOfPage":{"@id":"https:\/\/www.yogayogi.hu\/hu\/heti-programajanlo-januar-13-19\/#primaryimage"},"image":{"@id":"https:\/\/www.yogayogi.hu\/hu\/heti-programajanlo-januar-13-19\/#primaryimage"},"thumbnailUrl":"https:\/\/www.yogayogi.hu\/hu\/wp-content\/uploads\/2022\/01\/heti-programajanlo-1-1.jpg","datePublished":"2022-01-13T08:00:55+00:00","author":{"@id":"https:\/\/www.yogayogi.hu\/hu\/#\/schema\/person\/e888319417f61a68d0e97e6fb3211d4a"},"description":"\u00daj \u00e9v, \u00faj heti programaj\u00e1nl\u00f3! Ez\u00fattal egy sor esem\u00e9nyt v\u00e1logattunk \u00f6ssze nektek, amelyekkel tudatosan \u00e9s el\u00e9gedetten ind\u00edthatj\u00e1tok az \u00e9vet.","breadcrumb":{"@id":"https:\/\/www.yogayogi.hu\/hu\/heti-programajanlo-januar-13-19\/#breadcrumb"},"inLanguage":"hu","potentialAction":[{"@type":"ReadAction","target":["https:\/\/www.yogayogi.hu\/hu\/heti-programajanlo-januar-13-19\/"]}]},{"@type":"ImageObject","inLanguage":"hu","@id":"https:\/\/www.yogayogi.hu\/hu\/heti-programajanlo-januar-13-19\/#primaryimage","url":"https:\/\/www.yogayogi.hu\/hu\/wp-content\/uploads\/2022\/01\/heti-programajanlo-1-1.jpg","contentUrl":"https:\/\/www.yogayogi.hu\/hu\/wp-content\/uploads\/2022\/01\/heti-programajanlo-1-1.jpg"},{"@type":"BreadcrumbList","@id":"https:\/\/www.yogayogi.hu\/hu\/heti-programajanlo-januar-13-19\/#breadcrumb","itemListElement":[{"@type":"ListItem","position":1,"name":"Home","item":"https:\/\/www.yogayogi.hu\/hu\/"},{"@type":"ListItem","position":2,"name":"Heti programaj\u00e1nl\u00f3 (janu\u00e1r 13-19.)"}]},{"@type":"WebSite","@id":"https:\/\/www.yogayogi.hu\/hu\/#website","url":"https:\/\/www.yogayogi.hu\/hu\/","name":"YogaYogi Magyarorsz\u00e1g","description":"Az \u00fatmutat\u00f3d a j\u00f3g\u00e1hoz Magyarorsz\u00e1gon","potentialAction":[{"@type":"SearchAction","target":{"@type":"EntryPoint","urlTemplate":"https:\/\/www.yogayogi.hu\/hu\/?s={search_term_string}"},"query-input":{"@type":"PropertyValueSpecification","valueRequired":true,"valueName":"search_term_string"}}],"inLanguage":"hu"},{"@type":"Person","@id":"https:\/\/www.yogayogi.hu\/hu\/#\/schema\/person\/e888319417f61a68d0e97e6fb3211d4a","name":"anna","image":{"@type":"ImageObject","inLanguage":"hu","@id":"https:\/\/www.yogayogi.hu\/hu\/#\/schema\/person\/image\/","url":"https:\/\/secure.gravatar.com\/avatar\/3754a04a070c1bbb152e215a91864ada2638bded7e79e64889723c66a06a9825?s=96&d=mm&r=g","contentUrl":"https:\/\/secure.gravatar.com\/avatar\/3754a04a070c1bbb152e215a91864ada2638bded7e79e64889723c66a06a9825?s=96&d=mm&r=g","caption":"anna"},"url":"https:\/\/www.yogayogi.hu\/hu\/author\/anna\/"}]}},"_links":{"self":[{"href":"https:\/\/www.yogayogi.hu\/hu\/wp-json\/wp\/v2\/posts\/2289","targetHints":{"allow":["GET"]}}],"collection":[{"href":"https:\/\/www.yogayogi.hu\/hu\/wp-json\/wp\/v2\/posts"}],"about":[{"href":"https:\/\/www.yogayogi.hu\/hu\/wp-json\/wp\/v2\/types\/post"}],"author":[{"embeddable":true,"href":"https:\/\/www.yogayogi.hu\/hu\/wp-json\/wp\/v2\/users\/11"}],"replies":[{"embeddable":true,"href":"https:\/\/www.yogayogi.hu\/hu\/wp-json\/wp\/v2\/comments?post=2289"}],"version-history":[{"count":3,"href":"https:\/\/www.yogayogi.hu\/hu\/wp-json\/wp\/v2\/posts\/2289\/revisions"}],"predecessor-version":[{"id":2292,"href":"https:\/\/www.yogayogi.hu\/hu\/wp-json\/wp\/v2\/posts\/2289\/revisions\/2292"}],"wp:featuredmedia":[{"embeddable":true,"href":"https:\/\/www.yogayogi.hu\/hu\/wp-json\/"}],"wp:attachment":[{"href":"https:\/\/www.yogayogi.hu\/hu\/wp-json\/wp\/v2\/media?parent=2289"}],"wp:term":[{"taxonomy":"category","embeddable":true,"href":"https:\/\/www.yogayogi.hu\/hu\/wp-json\/wp\/v2\/categories?post=2289"},{"taxonomy":"post_tag","embeddable":true,"href":"https:\/\/www.yogayogi.hu\/hu\/wp-json\/wp\/v2\/tags?post=2289"}],"curies":[{"name":"wp","href":"https:\/\/api.w.org\/{rel}","templated":true}]}}